{"id":2333,"date":"2021-03-30T13:50:37","date_gmt":"2021-03-30T11:50:37","guid":{"rendered":"https:\/\/www.art-moves-europe.eu\/de\/?p=2333"},"modified":"2021-03-30T13:55:49","modified_gmt":"2021-03-30T11:55:49","slug":"in-vielfalt-vereint-das-experiment","status":"publish","type":"post","link":"https:\/\/www.art-moves-europe.eu\/de\/in-vielfalt-vereint-das-experiment\/","title":{"rendered":"In Vielfalt vereint &#8211; Das Experiment"},"content":{"rendered":"<p><strong>Das Experiment. <\/strong><\/p>\n<p><a href=\"https:\/\/aachener-bank.viele-schaffen-mehr.de\/das-experiment\" target=\"_blank\" rel=\"noopener\">Hier kannst Du das Projekt unterst\u00fctzen!<\/a><\/p>\n<figure class=\"wp-block-embed wp-block-embed-youtube is-type-video is-provider-youtube epyt-figure\"><div class=\"wp-block-embed__wrapper\"><iframe loading=\"lazy\"  id=\"_ytid_10938\"  width=\"840\" height=\"473\"  data-origwidth=\"840\" data-origheight=\"473\" src=\"https:\/\/www.youtube.com\/embed\/dwXC-CglOUc?enablejsapi=1&autoplay=0&cc_load_policy=0&cc_lang_pref=&iv_load_policy=1&loop=0&rel=1&fs=1&playsinline=0&autohide=2&theme=dark&color=red&controls=1&disablekb=0&\" class=\"__youtube_prefs__  no-lazyload\" title=\"YouTube player\"  allow=\"fullscreen; accelerometer; autoplay; clipboard-write; encrypted-media; gyroscope; picture-in-picture; web-share\" referrerpolicy=\"strict-origin-when-cross-origin\" allowfullscreen data-no-lazy=\"1\" data-skipgform_ajax_framebjll=\"\"><\/iframe><\/div><\/figure>\n<p>Art moves Europe e.V. will grenzenlose &#8222;Europ\u00e4ische Skulptur&#8220; erschaffen.<\/p>\n<p>&#8222;In Vielfalt vereint&#8220; ist Motto der EU, das die \u00dcberzeugung beschreibt in einer vielf\u00e4ltigen Gesellschaft nicht nur nebeneinander sondern miteinander erfolgreich leben zu k\u00f6nnen.<\/p>\n<p><strong>Doch wie ernst ist es uns mit der Europ\u00e4ischen Idee, wenn wir einen Teil unserer eigenen Idee daf\u00fcr aufgeben m\u00fcssen?<\/strong><\/p>\n<p>In diesem innovativen Kunstexperiment arbeiten 7 Bildhauer*innen an ein und demselben Stein, mit der Aufgabe sich gestalterisch einzubringen und der gleichzeitigen Bereitschaft die eigene Arbeit einzubringen ohne die Garantie, dass sie in genau dieser Form erhalten bleibt. Das Experiment geht bewusst an pers\u00f6nliche Grenzen und will den Prozess vom &#8222;<strong>Ego&#8220; zum &#8222;wir&#8220;, vom Nebeneinander zum Miteinander<\/strong> sichtbar machen und dokumentieren.<\/p>\n<p>Jeder K\u00fcnstler*in erh\u00e4lt alle Freiheiten, auch das \u00dcberarbeiten der Arbeiten seiner Kolleg*innen, um die Gestaltung der Skulptur optimal mit den eigenen Talenten weiter zu entwickeln.<\/p>\n<p>Es geht in diesem Projekt nicht darum der Skulptur &#8222;seinen pers\u00f6nlichen Stempel aufzudr\u00fccken&#8220; sondern gesamtheitlich zu denken und zu handeln um ein eigenst\u00e4ndiges Gemeinschafts-Werk zu erschaffen, was seine eigene Sprache aus der Vielfalt heraus entwickelt.<\/p>\n<p><strong>Wir wollen sinnbildlich f\u00fcr Europa herausfinden und sichtbar machen, wie der Prozess vom &#8222;Ego&#8220; zum &#8222;Wir&#8220; m\u00f6glich ist. <\/strong><\/p>\n<p><strong>Dabei interessieren uns folgende spannenden Fragen besonders.<\/strong><\/p>\n<p><em>Was macht diese Art eines Gemeinschaftsprojektes mit dem einzelnen K\u00fcnstler\/in?<\/em><\/p>\n<p><em>Wie schwer ist es, die eigene Arbeit im Sinne des Projektes zur Disposition zu stellen?<\/em><\/p>\n<p><em>Wie sehr beeinflusst das Wissen \u00fcber die Rahmenbedingungen das eigene Handeln?<\/em><\/p>\n<p><em>Entsteht eine \u201eWir-Identit\u00e4t\u201c und ist die fertige Kunst auf dem Kunstmarkt konkurrenzf\u00e4hig?<\/em><\/p>\n<p>Diese Fragestellungen werden wir in einer <strong>Videodokumentation<\/strong> thematisieren und der \u00d6ffentlichkeit u.a auf unserer Website<strong> <a href=\"http:\/\/www.art-moves-europe.eu\/\">www.art-moves-europe.eu<\/a> <\/strong>zur Verf\u00fcgung stellen.<\/p>\n<p><strong>Wir brauchen Eure Unterst\u00fctzung!<\/strong><\/p>\n<a href=\"https:\/\/www.art-moves-europe.eu\/wp-content\/uploads\/2021\/03\/20210330_Projektflyer.pdf\" class=\"pdfemb-viewer\" style=\"width:600px;\" data-width=\"600\" data-height=\"max\" data-toolbar=\"bottom\" data-toolbar-fixed=\"on\">20210330_Projektflyer<\/a>\n","protected":false},"excerpt":{"rendered":"<p>Das Experiment. Hier kannst Du das Projekt unterst\u00fctzen! Art moves Europe e.V. will grenzenlose &#8222;Europ\u00e4ische Skulptur&#8220; erschaffen. &#8222;In Vielfalt vereint&#8220;[&#8230;]<\/p>\n","protected":false},"author":2,"featured_media":2337,"comment_status":"closed","ping_status":"closed","sticky":false,"template":"","format":"standard","meta":{"ngg_post_thumbnail":0,"footnotes":""},"categories":[1],"tags":[],"class_list":["post-2333","post","type-post","status-publish","format-standard","has-post-thumbnail","hentry","category-allgemein"],"yoast_head":"<!-- This site is optimized with the Yoast SEO plugin v27.5 - https:\/\/yoast.com\/product\/yoast-seo-wordpress\/ -->\n<title>In Vielfalt vereint - Das Experiment<\/title>\n<meta name=\"robots\" content=\"index, follow, max-snippet:-1, max-image-preview:large, max-video-preview:-1\" \/>\n<link rel=\"canonical\" href=\"https:\/\/www.art-moves-europe.eu\/de\/in-vielfalt-vereint-das-experiment\/\" \/>\n<meta property=\"og:locale\" content=\"de_DE\" \/>\n<meta property=\"og:locale:alternate\" content=\"en_US\" \/>\n<meta property=\"og:type\" content=\"article\" \/>\n<meta property=\"og:title\" content=\"In Vielfalt vereint - Das Experiment\" \/>\n<meta property=\"og:description\" content=\"Das Experiment. Hier kannst Du das Projekt unterst\u00fctzen! Art moves Europe e.V. will grenzenlose &#8222;Europ\u00e4ische Skulptur&#8220; erschaffen. &#8222;In Vielfalt vereint&#8220;[...]\" \/>\n<meta property=\"og:url\" content=\"https:\/\/www.art-moves-europe.eu\/de\/in-vielfalt-vereint-das-experiment\/\" \/>\n<meta property=\"og:site_name\" content=\"ART MOVES EUROPE e.V.\" \/>\n<meta property=\"article:published_time\" content=\"2021-03-30T11:50:37+00:00\" \/>\n<meta property=\"article:modified_time\" content=\"2021-03-30T11:55:49+00:00\" \/>\n<meta property=\"og:image\" content=\"https:\/\/www.art-moves-europe.eu\/wp-content\/uploads\/2021\/03\/DAS-EXPERIMENT_TITEL_2S.jpg\" \/>\n\t<meta property=\"og:image:width\" content=\"693\" \/>\n\t<meta property=\"og:image:height\" content=\"462\" \/>\n\t<meta property=\"og:image:type\" content=\"image\/jpeg\" \/>\n<meta name=\"author\" content=\"Alfred Mevissen\" \/>\n<meta name=\"twitter:card\" content=\"summary_large_image\" \/>\n<meta name=\"twitter:label1\" content=\"Verfasst von\" \/>\n\t<meta name=\"twitter:data1\" content=\"Alfred Mevissen\" \/>\n\t<meta name=\"twitter:label2\" content=\"Gesch\u00e4tzte Lesezeit\" \/>\n\t<meta name=\"twitter:data2\" content=\"2\u00a0Minuten\" \/>\n<script type=\"application\/ld+json\" class=\"yoast-schema-graph\">{\"@context\":\"https:\\\/\\\/schema.org\",\"@graph\":[{\"@type\":\"Article\",\"@id\":\"https:\\\/\\\/www.art-moves-europe.eu\\\/in-vielfalt-vereint-das-experiment\\\/#article\",\"isPartOf\":{\"@id\":\"https:\\\/\\\/www.art-moves-europe.eu\\\/in-vielfalt-vereint-das-experiment\\\/\"},\"author\":{\"name\":\"Alfred Mevissen\",\"@id\":\"https:\\\/\\\/www.art-moves-europe.eu\\\/#\\\/schema\\\/person\\\/f2fa70466633adb1e4859b1d9ff4c042\"},\"headline\":\"In Vielfalt vereint &#8211; Das Experiment\",\"datePublished\":\"2021-03-30T11:50:37+00:00\",\"dateModified\":\"2021-03-30T11:55:49+00:00\",\"mainEntityOfPage\":{\"@id\":\"https:\\\/\\\/www.art-moves-europe.eu\\\/in-vielfalt-vereint-das-experiment\\\/\"},\"wordCount\":679,\"image\":{\"@id\":\"https:\\\/\\\/www.art-moves-europe.eu\\\/in-vielfalt-vereint-das-experiment\\\/#primaryimage\"},\"thumbnailUrl\":\"https:\\\/\\\/www.art-moves-europe.eu\\\/wp-content\\\/uploads\\\/2021\\\/03\\\/DAS-EXPERIMENT_TITEL_2S.jpg\",\"inLanguage\":\"de-DE\"},{\"@type\":\"WebPage\",\"@id\":\"https:\\\/\\\/www.art-moves-europe.eu\\\/in-vielfalt-vereint-das-experiment\\\/\",\"url\":\"https:\\\/\\\/www.art-moves-europe.eu\\\/in-vielfalt-vereint-das-experiment\\\/\",\"name\":\"In Vielfalt vereint - Das Experiment\",\"isPartOf\":{\"@id\":\"https:\\\/\\\/www.art-moves-europe.eu\\\/#website\"},\"primaryImageOfPage\":{\"@id\":\"https:\\\/\\\/www.art-moves-europe.eu\\\/in-vielfalt-vereint-das-experiment\\\/#primaryimage\"},\"image\":{\"@id\":\"https:\\\/\\\/www.art-moves-europe.eu\\\/in-vielfalt-vereint-das-experiment\\\/#primaryimage\"},\"thumbnailUrl\":\"https:\\\/\\\/www.art-moves-europe.eu\\\/wp-content\\\/uploads\\\/2021\\\/03\\\/DAS-EXPERIMENT_TITEL_2S.jpg\",\"datePublished\":\"2021-03-30T11:50:37+00:00\",\"dateModified\":\"2021-03-30T11:55:49+00:00\",\"author\":{\"@id\":\"https:\\\/\\\/www.art-moves-europe.eu\\\/#\\\/schema\\\/person\\\/f2fa70466633adb1e4859b1d9ff4c042\"},\"breadcrumb\":{\"@id\":\"https:\\\/\\\/www.art-moves-europe.eu\\\/in-vielfalt-vereint-das-experiment\\\/#breadcrumb\"},\"inLanguage\":\"de-DE\",\"potentialAction\":[{\"@type\":\"ReadAction\",\"target\":[\"https:\\\/\\\/www.art-moves-europe.eu\\\/in-vielfalt-vereint-das-experiment\\\/\"]}]},{\"@type\":\"ImageObject\",\"inLanguage\":\"de-DE\",\"@id\":\"https:\\\/\\\/www.art-moves-europe.eu\\\/in-vielfalt-vereint-das-experiment\\\/#primaryimage\",\"url\":\"https:\\\/\\\/www.art-moves-europe.eu\\\/wp-content\\\/uploads\\\/2021\\\/03\\\/DAS-EXPERIMENT_TITEL_2S.jpg\",\"contentUrl\":\"https:\\\/\\\/www.art-moves-europe.eu\\\/wp-content\\\/uploads\\\/2021\\\/03\\\/DAS-EXPERIMENT_TITEL_2S.jpg\",\"width\":693,\"height\":462},{\"@type\":\"BreadcrumbList\",\"@id\":\"https:\\\/\\\/www.art-moves-europe.eu\\\/in-vielfalt-vereint-das-experiment\\\/#breadcrumb\",\"itemListElement\":[{\"@type\":\"ListItem\",\"position\":1,\"name\":\"Startseite\",\"item\":\"https:\\\/\\\/www.art-moves-europe.eu\\\/\"},{\"@type\":\"ListItem\",\"position\":2,\"name\":\"Unified in Diversity &#8211; The Exeriment\"}]},{\"@type\":\"WebSite\",\"@id\":\"https:\\\/\\\/www.art-moves-europe.eu\\\/#website\",\"url\":\"https:\\\/\\\/www.art-moves-europe.eu\\\/\",\"name\":\"ART MOVES EUROPE e.V.\",\"description\":\"\",\"potentialAction\":[{\"@type\":\"SearchAction\",\"target\":{\"@type\":\"EntryPoint\",\"urlTemplate\":\"https:\\\/\\\/www.art-moves-europe.eu\\\/?s={search_term_string}\"},\"query-input\":{\"@type\":\"PropertyValueSpecification\",\"valueRequired\":true,\"valueName\":\"search_term_string\"}}],\"inLanguage\":\"de-DE\"},{\"@type\":\"Person\",\"@id\":\"https:\\\/\\\/www.art-moves-europe.eu\\\/#\\\/schema\\\/person\\\/f2fa70466633adb1e4859b1d9ff4c042\",\"name\":\"Alfred Mevissen\",\"image\":{\"@type\":\"ImageObject\",\"inLanguage\":\"de-DE\",\"@id\":\"https:\\\/\\\/secure.gravatar.com\\\/avatar\\\/2b521adf984b8277ca7da267a022bc9993e49cec5b2d5bf2040e9f72c5731535?s=96&d=mm&r=g\",\"url\":\"https:\\\/\\\/secure.gravatar.com\\\/avatar\\\/2b521adf984b8277ca7da267a022bc9993e49cec5b2d5bf2040e9f72c5731535?s=96&d=mm&r=g\",\"contentUrl\":\"https:\\\/\\\/secure.gravatar.com\\\/avatar\\\/2b521adf984b8277ca7da267a022bc9993e49cec5b2d5bf2040e9f72c5731535?s=96&d=mm&r=g\",\"caption\":\"Alfred Mevissen\"},\"url\":\"https:\\\/\\\/www.art-moves-europe.eu\\\/de\\\/author\\\/alfred\\\/\"}]}<\/script>\n<!-- \/ Yoast SEO plugin. -->","yoast_head_json":{"title":"In Vielfalt vereint - Das Experiment","robots":{"index":"index","follow":"follow","max-snippet":"max-snippet:-1","max-image-preview":"max-image-preview:large","max-video-preview":"max-video-preview:-1"},"canonical":"https:\/\/www.art-moves-europe.eu\/de\/in-vielfalt-vereint-das-experiment\/","og_locale":"de_DE","og_type":"article","og_title":"[:en]Unified in Diversity - The Exeriment[:de]In Vielfalt vereint - Das Experiment[:] - ART MOVES EUROPE e.V.","og_description":"Das Experiment. Hier kannst Du das Projekt unterst\u00fctzen! Art moves Europe e.V. will grenzenlose &#8222;Europ\u00e4ische Skulptur&#8220; erschaffen. &#8222;In Vielfalt vereint&#8220;[...]","og_url":"https:\/\/www.art-moves-europe.eu\/de\/in-vielfalt-vereint-das-experiment\/","og_site_name":"ART MOVES EUROPE e.V.","article_published_time":"2021-03-30T11:50:37+00:00","article_modified_time":"2021-03-30T11:55:49+00:00","og_image":[{"width":693,"height":462,"url":"https:\/\/www.art-moves-europe.eu\/wp-content\/uploads\/2021\/03\/DAS-EXPERIMENT_TITEL_2S.jpg","type":"image\/jpeg"}],"author":"Alfred Mevissen","twitter_card":"summary_large_image","twitter_misc":{"Verfasst von":"Alfred Mevissen","Gesch\u00e4tzte Lesezeit":"2\u00a0Minuten"},"schema":{"@context":"https:\/\/schema.org","@graph":[{"@type":"Article","@id":"https:\/\/www.art-moves-europe.eu\/in-vielfalt-vereint-das-experiment\/#article","isPartOf":{"@id":"https:\/\/www.art-moves-europe.eu\/in-vielfalt-vereint-das-experiment\/"},"author":{"name":"Alfred Mevissen","@id":"https:\/\/www.art-moves-europe.eu\/#\/schema\/person\/f2fa70466633adb1e4859b1d9ff4c042"},"headline":"In Vielfalt vereint &#8211; Das Experiment","datePublished":"2021-03-30T11:50:37+00:00","dateModified":"2021-03-30T11:55:49+00:00","mainEntityOfPage":{"@id":"https:\/\/www.art-moves-europe.eu\/in-vielfalt-vereint-das-experiment\/"},"wordCount":679,"image":{"@id":"https:\/\/www.art-moves-europe.eu\/in-vielfalt-vereint-das-experiment\/#primaryimage"},"thumbnailUrl":"https:\/\/www.art-moves-europe.eu\/wp-content\/uploads\/2021\/03\/DAS-EXPERIMENT_TITEL_2S.jpg","inLanguage":"de-DE"},{"@type":"WebPage","@id":"https:\/\/www.art-moves-europe.eu\/in-vielfalt-vereint-das-experiment\/","url":"https:\/\/www.art-moves-europe.eu\/in-vielfalt-vereint-das-experiment\/","name":"In Vielfalt vereint - Das Experiment","isPartOf":{"@id":"https:\/\/www.art-moves-europe.eu\/#website"},"primaryImageOfPage":{"@id":"https:\/\/www.art-moves-europe.eu\/in-vielfalt-vereint-das-experiment\/#primaryimage"},"image":{"@id":"https:\/\/www.art-moves-europe.eu\/in-vielfalt-vereint-das-experiment\/#primaryimage"},"thumbnailUrl":"https:\/\/www.art-moves-europe.eu\/wp-content\/uploads\/2021\/03\/DAS-EXPERIMENT_TITEL_2S.jpg","datePublished":"2021-03-30T11:50:37+00:00","dateModified":"2021-03-30T11:55:49+00:00","author":{"@id":"https:\/\/www.art-moves-europe.eu\/#\/schema\/person\/f2fa70466633adb1e4859b1d9ff4c042"},"breadcrumb":{"@id":"https:\/\/www.art-moves-europe.eu\/in-vielfalt-vereint-das-experiment\/#breadcrumb"},"inLanguage":"de-DE","potentialAction":[{"@type":"ReadAction","target":["https:\/\/www.art-moves-europe.eu\/in-vielfalt-vereint-das-experiment\/"]}]},{"@type":"ImageObject","inLanguage":"de-DE","@id":"https:\/\/www.art-moves-europe.eu\/in-vielfalt-vereint-das-experiment\/#primaryimage","url":"https:\/\/www.art-moves-europe.eu\/wp-content\/uploads\/2021\/03\/DAS-EXPERIMENT_TITEL_2S.jpg","contentUrl":"https:\/\/www.art-moves-europe.eu\/wp-content\/uploads\/2021\/03\/DAS-EXPERIMENT_TITEL_2S.jpg","width":693,"height":462},{"@type":"BreadcrumbList","@id":"https:\/\/www.art-moves-europe.eu\/in-vielfalt-vereint-das-experiment\/#breadcrumb","itemListElement":[{"@type":"ListItem","position":1,"name":"Startseite","item":"https:\/\/www.art-moves-europe.eu\/"},{"@type":"ListItem","position":2,"name":"Unified in Diversity &#8211; The Exeriment"}]},{"@type":"WebSite","@id":"https:\/\/www.art-moves-europe.eu\/#website","url":"https:\/\/www.art-moves-europe.eu\/","name":"ART MOVES EUROPE e.V.","description":"","potentialAction":[{"@type":"SearchAction","target":{"@type":"EntryPoint","urlTemplate":"https:\/\/www.art-moves-europe.eu\/?s={search_term_string}"},"query-input":{"@type":"PropertyValueSpecification","valueRequired":true,"valueName":"search_term_string"}}],"inLanguage":"de-DE"},{"@type":"Person","@id":"https:\/\/www.art-moves-europe.eu\/#\/schema\/person\/f2fa70466633adb1e4859b1d9ff4c042","name":"Alfred Mevissen","image":{"@type":"ImageObject","inLanguage":"de-DE","@id":"https:\/\/secure.gravatar.com\/avatar\/2b521adf984b8277ca7da267a022bc9993e49cec5b2d5bf2040e9f72c5731535?s=96&d=mm&r=g","url":"https:\/\/secure.gravatar.com\/avatar\/2b521adf984b8277ca7da267a022bc9993e49cec5b2d5bf2040e9f72c5731535?s=96&d=mm&r=g","contentUrl":"https:\/\/secure.gravatar.com\/avatar\/2b521adf984b8277ca7da267a022bc9993e49cec5b2d5bf2040e9f72c5731535?s=96&d=mm&r=g","caption":"Alfred Mevissen"},"url":"https:\/\/www.art-moves-europe.eu\/de\/author\/alfred\/"}]}},"_links":{"self":[{"href":"https:\/\/www.art-moves-europe.eu\/de\/wp-json\/wp\/v2\/posts\/2333","targetHints":{"allow":["GET"]}}],"collection":[{"href":"https:\/\/www.art-moves-europe.eu\/de\/wp-json\/wp\/v2\/posts"}],"about":[{"href":"https:\/\/www.art-moves-europe.eu\/de\/wp-json\/wp\/v2\/types\/post"}],"author":[{"embeddable":true,"href":"https:\/\/www.art-moves-europe.eu\/de\/wp-json\/wp\/v2\/users\/2"}],"replies":[{"embeddable":true,"href":"https:\/\/www.art-moves-europe.eu\/de\/wp-json\/wp\/v2\/comments?post=2333"}],"version-history":[{"count":6,"href":"https:\/\/www.art-moves-europe.eu\/de\/wp-json\/wp\/v2\/posts\/2333\/revisions"}],"predecessor-version":[{"id":2341,"href":"https:\/\/www.art-moves-europe.eu\/de\/wp-json\/wp\/v2\/posts\/2333\/revisions\/2341"}],"wp:featuredmedia":[{"embeddable":true,"href":"https:\/\/www.art-moves-europe.eu\/de\/wp-json\/wp\/v2\/media\/2337"}],"wp:attachment":[{"href":"https:\/\/www.art-moves-europe.eu\/de\/wp-json\/wp\/v2\/media?parent=2333"}],"wp:term":[{"taxonomy":"category","embeddable":true,"href":"https:\/\/www.art-moves-europe.eu\/de\/wp-json\/wp\/v2\/categories?post=2333"},{"taxonomy":"post_tag","embeddable":true,"href":"https:\/\/www.art-moves-europe.eu\/de\/wp-json\/wp\/v2\/tags?post=2333"}],"curies":[{"name":"wp","href":"https:\/\/api.w.org\/{rel}","templated":true}]}}