{"id":3018,"date":"2022-09-12T08:51:10","date_gmt":"2022-09-12T06:51:10","guid":{"rendered":"https:\/\/www.art-moves-europe.eu\/de\/?p=3018"},"modified":"2022-09-12T08:57:09","modified_gmt":"2022-09-12T06:57:09","slug":"europafest-in-alsdorf","status":"publish","type":"post","link":"https:\/\/www.art-moves-europe.eu\/de\/europafest-in-alsdorf\/","title":{"rendered":"Europafest in Alsdorf"},"content":{"rendered":"<p>Anl\u00e4\u00dflich des Europafestes in Alsdorf und der 50 j\u00e4hrigen St\u00e4dtepartnerschaft mit Saint Brieuc, haben Simone Carole Levy und ich zwei Holzskulpturen zum Thema &#8222;Begegnungen die zu Sternen werden&#8220; gestaltet. Simones Skulptur wird nun einen Platz im Rathaus von Saint Brieuc finden, meinen im Rathaus in Alsdorf. Hier ein 3D scan der beiden Skulpturen<\/p>\n<p><a href=\"https:\/\/sketchfab.com\/3d-models\/partnerschaft-alsdorf-f1aebaef12ae42f58001eb3c0fac951d\">https:\/\/sketchfab.com\/3d-models\/partnerschaft-alsdorf-f1aebaef12ae42f58001eb3c0fac951d<\/a><\/p>\n<p>&nbsp;<\/p>\n","protected":false},"excerpt":{"rendered":"<p>Anl\u00e4\u00dflich des Europafestes in Alsdorf und der 50 j\u00e4hrigen St\u00e4dtepartnerschaft mit Saint Brieuc, haben Simone Carole Levy und ich zwei[&#8230;]<\/p>\n","protected":false},"author":2,"featured_media":3019,"comment_status":"closed","ping_status":"closed","sticky":false,"template":"","format":"standard","meta":{"ngg_post_thumbnail":0,"footnotes":""},"categories":[1],"tags":[],"class_list":["post-3018","post","type-post","status-publish","format-standard","has-post-thumbnail","hentry","category-allgemein"],"yoast_head":"<!-- This site is optimized with the Yoast SEO plugin v27.5 - https:\/\/yoast.com\/product\/yoast-seo-wordpress\/ -->\n<title>Europafest in Alsdorf<\/title>\n<meta name=\"robots\" content=\"index, follow, max-snippet:-1, max-image-preview:large, max-video-preview:-1\" \/>\n<link rel=\"canonical\" href=\"https:\/\/www.art-moves-europe.eu\/de\/europafest-in-alsdorf\/\" \/>\n<meta property=\"og:locale\" content=\"de_DE\" \/>\n<meta property=\"og:locale:alternate\" content=\"en_US\" \/>\n<meta property=\"og:type\" content=\"article\" \/>\n<meta property=\"og:title\" content=\"Europafest in Alsdorf\" \/>\n<meta property=\"og:description\" content=\"Anl\u00e4\u00dflich des Europafestes in Alsdorf und der 50 j\u00e4hrigen St\u00e4dtepartnerschaft mit Saint Brieuc, haben Simone Carole Levy und ich zwei[...]\" \/>\n<meta property=\"og:url\" content=\"https:\/\/www.art-moves-europe.eu\/de\/europafest-in-alsdorf\/\" \/>\n<meta property=\"og:site_name\" content=\"ART MOVES EUROPE e.V.\" \/>\n<meta property=\"article:published_time\" content=\"2022-09-12T06:51:10+00:00\" \/>\n<meta property=\"article:modified_time\" content=\"2022-09-12T06:57:09+00:00\" \/>\n<meta property=\"og:image\" content=\"https:\/\/www.art-moves-europe.eu\/wp-content\/uploads\/2022\/09\/Europafest-Beitragsbild.jpg\" \/>\n\t<meta property=\"og:image:width\" content=\"1472\" \/>\n\t<meta property=\"og:image:height\" content=\"1230\" \/>\n\t<meta property=\"og:image:type\" content=\"image\/jpeg\" \/>\n<meta name=\"author\" content=\"Alfred Mevissen\" \/>\n<meta name=\"twitter:card\" content=\"summary_large_image\" \/>\n<meta name=\"twitter:label1\" content=\"Verfasst von\" \/>\n\t<meta name=\"twitter:data1\" content=\"Alfred Mevissen\" \/>\n\t<meta name=\"twitter:label2\" content=\"Gesch\u00e4tzte Lesezeit\" \/>\n\t<meta name=\"twitter:data2\" content=\"1\u00a0Minute\" \/>\n<script type=\"application\/ld+json\" class=\"yoast-schema-graph\">{\"@context\":\"https:\\\/\\\/schema.org\",\"@graph\":[{\"@type\":\"Article\",\"@id\":\"https:\\\/\\\/www.art-moves-europe.eu\\\/europafest-in-alsdorf\\\/#article\",\"isPartOf\":{\"@id\":\"https:\\\/\\\/www.art-moves-europe.eu\\\/europafest-in-alsdorf\\\/\"},\"author\":{\"name\":\"Alfred Mevissen\",\"@id\":\"https:\\\/\\\/www.art-moves-europe.eu\\\/#\\\/schema\\\/person\\\/f2fa70466633adb1e4859b1d9ff4c042\"},\"headline\":\"Europafest in Alsdorf\",\"datePublished\":\"2022-09-12T06:51:10+00:00\",\"dateModified\":\"2022-09-12T06:57:09+00:00\",\"mainEntityOfPage\":{\"@id\":\"https:\\\/\\\/www.art-moves-europe.eu\\\/europafest-in-alsdorf\\\/\"},\"wordCount\":126,\"image\":{\"@id\":\"https:\\\/\\\/www.art-moves-europe.eu\\\/europafest-in-alsdorf\\\/#primaryimage\"},\"thumbnailUrl\":\"https:\\\/\\\/www.art-moves-europe.eu\\\/wp-content\\\/uploads\\\/2022\\\/09\\\/Europafest-Beitragsbild.jpg\",\"inLanguage\":\"de-DE\"},{\"@type\":\"WebPage\",\"@id\":\"https:\\\/\\\/www.art-moves-europe.eu\\\/europafest-in-alsdorf\\\/\",\"url\":\"https:\\\/\\\/www.art-moves-europe.eu\\\/europafest-in-alsdorf\\\/\",\"name\":\"Europafest in Alsdorf\",\"isPartOf\":{\"@id\":\"https:\\\/\\\/www.art-moves-europe.eu\\\/#website\"},\"primaryImageOfPage\":{\"@id\":\"https:\\\/\\\/www.art-moves-europe.eu\\\/europafest-in-alsdorf\\\/#primaryimage\"},\"image\":{\"@id\":\"https:\\\/\\\/www.art-moves-europe.eu\\\/europafest-in-alsdorf\\\/#primaryimage\"},\"thumbnailUrl\":\"https:\\\/\\\/www.art-moves-europe.eu\\\/wp-content\\\/uploads\\\/2022\\\/09\\\/Europafest-Beitragsbild.jpg\",\"datePublished\":\"2022-09-12T06:51:10+00:00\",\"dateModified\":\"2022-09-12T06:57:09+00:00\",\"author\":{\"@id\":\"https:\\\/\\\/www.art-moves-europe.eu\\\/#\\\/schema\\\/person\\\/f2fa70466633adb1e4859b1d9ff4c042\"},\"breadcrumb\":{\"@id\":\"https:\\\/\\\/www.art-moves-europe.eu\\\/europafest-in-alsdorf\\\/#breadcrumb\"},\"inLanguage\":\"de-DE\",\"potentialAction\":[{\"@type\":\"ReadAction\",\"target\":[\"https:\\\/\\\/www.art-moves-europe.eu\\\/europafest-in-alsdorf\\\/\"]}]},{\"@type\":\"ImageObject\",\"inLanguage\":\"de-DE\",\"@id\":\"https:\\\/\\\/www.art-moves-europe.eu\\\/europafest-in-alsdorf\\\/#primaryimage\",\"url\":\"https:\\\/\\\/www.art-moves-europe.eu\\\/wp-content\\\/uploads\\\/2022\\\/09\\\/Europafest-Beitragsbild.jpg\",\"contentUrl\":\"https:\\\/\\\/www.art-moves-europe.eu\\\/wp-content\\\/uploads\\\/2022\\\/09\\\/Europafest-Beitragsbild.jpg\",\"width\":1472,\"height\":1230},{\"@type\":\"BreadcrumbList\",\"@id\":\"https:\\\/\\\/www.art-moves-europe.eu\\\/europafest-in-alsdorf\\\/#breadcrumb\",\"itemListElement\":[{\"@type\":\"ListItem\",\"position\":1,\"name\":\"Startseite\",\"item\":\"https:\\\/\\\/www.art-moves-europe.eu\\\/\"},{\"@type\":\"ListItem\",\"position\":2,\"name\":\"Europe Event in Alsdorf\"}]},{\"@type\":\"WebSite\",\"@id\":\"https:\\\/\\\/www.art-moves-europe.eu\\\/#website\",\"url\":\"https:\\\/\\\/www.art-moves-europe.eu\\\/\",\"name\":\"ART MOVES EUROPE e.V.\",\"description\":\"\",\"potentialAction\":[{\"@type\":\"SearchAction\",\"target\":{\"@type\":\"EntryPoint\",\"urlTemplate\":\"https:\\\/\\\/www.art-moves-europe.eu\\\/?s={search_term_string}\"},\"query-input\":{\"@type\":\"PropertyValueSpecification\",\"valueRequired\":true,\"valueName\":\"search_term_string\"}}],\"inLanguage\":\"de-DE\"},{\"@type\":\"Person\",\"@id\":\"https:\\\/\\\/www.art-moves-europe.eu\\\/#\\\/schema\\\/person\\\/f2fa70466633adb1e4859b1d9ff4c042\",\"name\":\"Alfred Mevissen\",\"image\":{\"@type\":\"ImageObject\",\"inLanguage\":\"de-DE\",\"@id\":\"https:\\\/\\\/secure.gravatar.com\\\/avatar\\\/2b521adf984b8277ca7da267a022bc9993e49cec5b2d5bf2040e9f72c5731535?s=96&d=mm&r=g\",\"url\":\"https:\\\/\\\/secure.gravatar.com\\\/avatar\\\/2b521adf984b8277ca7da267a022bc9993e49cec5b2d5bf2040e9f72c5731535?s=96&d=mm&r=g\",\"contentUrl\":\"https:\\\/\\\/secure.gravatar.com\\\/avatar\\\/2b521adf984b8277ca7da267a022bc9993e49cec5b2d5bf2040e9f72c5731535?s=96&d=mm&r=g\",\"caption\":\"Alfred Mevissen\"},\"url\":\"https:\\\/\\\/www.art-moves-europe.eu\\\/de\\\/author\\\/alfred\\\/\"}]}<\/script>\n<!-- \/ Yoast SEO plugin. -->","yoast_head_json":{"title":"Europafest in Alsdorf","robots":{"index":"index","follow":"follow","max-snippet":"max-snippet:-1","max-image-preview":"max-image-preview:large","max-video-preview":"max-video-preview:-1"},"canonical":"https:\/\/www.art-moves-europe.eu\/de\/europafest-in-alsdorf\/","og_locale":"de_DE","og_type":"article","og_title":"[:en]Europe Event in Alsdorf[:de]Europafest in Alsdorf[:] - ART MOVES EUROPE e.V.","og_description":"Anl\u00e4\u00dflich des Europafestes in Alsdorf und der 50 j\u00e4hrigen St\u00e4dtepartnerschaft mit Saint Brieuc, haben Simone Carole Levy und ich zwei[...]","og_url":"https:\/\/www.art-moves-europe.eu\/de\/europafest-in-alsdorf\/","og_site_name":"ART MOVES EUROPE e.V.","article_published_time":"2022-09-12T06:51:10+00:00","article_modified_time":"2022-09-12T06:57:09+00:00","og_image":[{"width":1472,"height":1230,"url":"https:\/\/www.art-moves-europe.eu\/wp-content\/uploads\/2022\/09\/Europafest-Beitragsbild.jpg","type":"image\/jpeg"}],"author":"Alfred Mevissen","twitter_card":"summary_large_image","twitter_misc":{"Verfasst von":"Alfred Mevissen","Gesch\u00e4tzte Lesezeit":"1\u00a0Minute"},"schema":{"@context":"https:\/\/schema.org","@graph":[{"@type":"Article","@id":"https:\/\/www.art-moves-europe.eu\/europafest-in-alsdorf\/#article","isPartOf":{"@id":"https:\/\/www.art-moves-europe.eu\/europafest-in-alsdorf\/"},"author":{"name":"Alfred Mevissen","@id":"https:\/\/www.art-moves-europe.eu\/#\/schema\/person\/f2fa70466633adb1e4859b1d9ff4c042"},"headline":"Europafest in Alsdorf","datePublished":"2022-09-12T06:51:10+00:00","dateModified":"2022-09-12T06:57:09+00:00","mainEntityOfPage":{"@id":"https:\/\/www.art-moves-europe.eu\/europafest-in-alsdorf\/"},"wordCount":126,"image":{"@id":"https:\/\/www.art-moves-europe.eu\/europafest-in-alsdorf\/#primaryimage"},"thumbnailUrl":"https:\/\/www.art-moves-europe.eu\/wp-content\/uploads\/2022\/09\/Europafest-Beitragsbild.jpg","inLanguage":"de-DE"},{"@type":"WebPage","@id":"https:\/\/www.art-moves-europe.eu\/europafest-in-alsdorf\/","url":"https:\/\/www.art-moves-europe.eu\/europafest-in-alsdorf\/","name":"Europafest in Alsdorf","isPartOf":{"@id":"https:\/\/www.art-moves-europe.eu\/#website"},"primaryImageOfPage":{"@id":"https:\/\/www.art-moves-europe.eu\/europafest-in-alsdorf\/#primaryimage"},"image":{"@id":"https:\/\/www.art-moves-europe.eu\/europafest-in-alsdorf\/#primaryimage"},"thumbnailUrl":"https:\/\/www.art-moves-europe.eu\/wp-content\/uploads\/2022\/09\/Europafest-Beitragsbild.jpg","datePublished":"2022-09-12T06:51:10+00:00","dateModified":"2022-09-12T06:57:09+00:00","author":{"@id":"https:\/\/www.art-moves-europe.eu\/#\/schema\/person\/f2fa70466633adb1e4859b1d9ff4c042"},"breadcrumb":{"@id":"https:\/\/www.art-moves-europe.eu\/europafest-in-alsdorf\/#breadcrumb"},"inLanguage":"de-DE","potentialAction":[{"@type":"ReadAction","target":["https:\/\/www.art-moves-europe.eu\/europafest-in-alsdorf\/"]}]},{"@type":"ImageObject","inLanguage":"de-DE","@id":"https:\/\/www.art-moves-europe.eu\/europafest-in-alsdorf\/#primaryimage","url":"https:\/\/www.art-moves-europe.eu\/wp-content\/uploads\/2022\/09\/Europafest-Beitragsbild.jpg","contentUrl":"https:\/\/www.art-moves-europe.eu\/wp-content\/uploads\/2022\/09\/Europafest-Beitragsbild.jpg","width":1472,"height":1230},{"@type":"BreadcrumbList","@id":"https:\/\/www.art-moves-europe.eu\/europafest-in-alsdorf\/#breadcrumb","itemListElement":[{"@type":"ListItem","position":1,"name":"Startseite","item":"https:\/\/www.art-moves-europe.eu\/"},{"@type":"ListItem","position":2,"name":"Europe Event in Alsdorf"}]},{"@type":"WebSite","@id":"https:\/\/www.art-moves-europe.eu\/#website","url":"https:\/\/www.art-moves-europe.eu\/","name":"ART MOVES EUROPE e.V.","description":"","potentialAction":[{"@type":"SearchAction","target":{"@type":"EntryPoint","urlTemplate":"https:\/\/www.art-moves-europe.eu\/?s={search_term_string}"},"query-input":{"@type":"PropertyValueSpecification","valueRequired":true,"valueName":"search_term_string"}}],"inLanguage":"de-DE"},{"@type":"Person","@id":"https:\/\/www.art-moves-europe.eu\/#\/schema\/person\/f2fa70466633adb1e4859b1d9ff4c042","name":"Alfred Mevissen","image":{"@type":"ImageObject","inLanguage":"de-DE","@id":"https:\/\/secure.gravatar.com\/avatar\/2b521adf984b8277ca7da267a022bc9993e49cec5b2d5bf2040e9f72c5731535?s=96&d=mm&r=g","url":"https:\/\/secure.gravatar.com\/avatar\/2b521adf984b8277ca7da267a022bc9993e49cec5b2d5bf2040e9f72c5731535?s=96&d=mm&r=g","contentUrl":"https:\/\/secure.gravatar.com\/avatar\/2b521adf984b8277ca7da267a022bc9993e49cec5b2d5bf2040e9f72c5731535?s=96&d=mm&r=g","caption":"Alfred Mevissen"},"url":"https:\/\/www.art-moves-europe.eu\/de\/author\/alfred\/"}]}},"_links":{"self":[{"href":"https:\/\/www.art-moves-europe.eu\/de\/wp-json\/wp\/v2\/posts\/3018","targetHints":{"allow":["GET"]}}],"collection":[{"href":"https:\/\/www.art-moves-europe.eu\/de\/wp-json\/wp\/v2\/posts"}],"about":[{"href":"https:\/\/www.art-moves-europe.eu\/de\/wp-json\/wp\/v2\/types\/post"}],"author":[{"embeddable":true,"href":"https:\/\/www.art-moves-europe.eu\/de\/wp-json\/wp\/v2\/users\/2"}],"replies":[{"embeddable":true,"href":"https:\/\/www.art-moves-europe.eu\/de\/wp-json\/wp\/v2\/comments?post=3018"}],"version-history":[{"count":3,"href":"https:\/\/www.art-moves-europe.eu\/de\/wp-json\/wp\/v2\/posts\/3018\/revisions"}],"predecessor-version":[{"id":3022,"href":"https:\/\/www.art-moves-europe.eu\/de\/wp-json\/wp\/v2\/posts\/3018\/revisions\/3022"}],"wp:featuredmedia":[{"embeddable":true,"href":"https:\/\/www.art-moves-europe.eu\/de\/wp-json\/wp\/v2\/media\/3019"}],"wp:attachment":[{"href":"https:\/\/www.art-moves-europe.eu\/de\/wp-json\/wp\/v2\/media?parent=3018"}],"wp:term":[{"taxonomy":"category","embeddable":true,"href":"https:\/\/www.art-moves-europe.eu\/de\/wp-json\/wp\/v2\/categories?post=3018"},{"taxonomy":"post_tag","embeddable":true,"href":"https:\/\/www.art-moves-europe.eu\/de\/wp-json\/wp\/v2\/tags?post=3018"}],"curies":[{"name":"wp","href":"https:\/\/api.w.org\/{rel}","templated":true}]}}