{"id":3477,"date":"2026-09-03T17:22:09","date_gmt":"2026-09-03T15:22:09","guid":{"rendered":"https:\/\/www.art-moves-europe.eu\/?p=3477"},"modified":"2026-09-03T17:22:38","modified_gmt":"2026-09-03T15:22:38","slug":"re-union","status":"publish","type":"post","link":"https:\/\/www.art-moves-europe.eu\/de\/re-union\/","title":{"rendered":"Re Union"},"content":{"rendered":"<p>Skulpturensymposium \u00c5sg\u00e5rd, Norwegen<\/p>\n<p>Der Stein, den wir f\u00fcr unser Projekt ausgew\u00e4hlt hatten, wies verborgene Risse auf. Als wir versuchten, ihn zu spalten, zerbrach der Stein in f\u00fcnf Teile. Wir mussten unseren urspr\u00fcnglichen Plan aufgeben und die Br\u00fcche akzeptieren. In Anlehnung an die aktuelle Weltlage beschlossen wir, diese Situation zu nutzen, um allen Menschen, die derzeit in Kriegsgebieten oder anderen schwierigen Situationen leben, Hoffnung zu geben \u2013 dass neue Verbindungen etwas Neues und sogar Besseres schaffen k\u00f6nnen. Wir haben die Bruchstellen gegl\u00e4ttet und die Teile wieder miteinander verbunden. Nun ist die Skulptur ein Wahrzeichen in \u00c5sg\u00e5rd, Kongspartvegen 41, 2337 Tangen, Norwegen, geschaffen von Alfred Mevissen, Herbert Leichtle und Achim Ripperger mit der Unterst\u00fctzung von Prof. Andreas Kienlin.<\/p>\n<p>&nbsp;<\/p>\n","protected":false},"excerpt":{"rendered":"<p>Skulpturensymposium \u00c5sg\u00e5rd, Norwegen Der Stein, den wir f\u00fcr unser Projekt ausgew\u00e4hlt hatten, wies verborgene Risse auf. Als wir versuchten, ihn[&#8230;]<\/p>\n","protected":false},"author":2,"featured_media":3478,"comment_status":"closed","ping_status":"closed","sticky":false,"template":"","format":"standard","meta":{"ngg_post_thumbnail":0,"footnotes":""},"categories":[1],"tags":[],"class_list":["post-3477","post","type-post","status-publish","format-standard","has-post-thumbnail","hentry","category-allgemein"],"yoast_head":"<!-- This site is optimized with the Yoast SEO plugin v28.4 - https:\/\/yoast.com\/product\/yoast-seo-wordpress\/ -->\n<title>Re Union<\/title>\n<meta name=\"robots\" content=\"index, follow, max-snippet:-1, max-image-preview:large, max-video-preview:-1\" \/>\n<link rel=\"canonical\" href=\"https:\/\/www.art-moves-europe.eu\/de\/re-union\/\" \/>\n<meta property=\"og:locale\" content=\"de_DE\" \/>\n<meta property=\"og:locale:alternate\" content=\"en_US\" \/>\n<meta property=\"og:type\" content=\"article\" \/>\n<meta property=\"og:title\" content=\"Re Union\" \/>\n<meta property=\"og:description\" content=\"Skulpturensymposium \u00c5sg\u00e5rd, Norwegen Der Stein, den wir f\u00fcr unser Projekt ausgew\u00e4hlt hatten, wies verborgene Risse auf. Als wir versuchten, ihn[...]\" \/>\n<meta property=\"og:url\" content=\"https:\/\/www.art-moves-europe.eu\/de\/re-union\/\" \/>\n<meta property=\"og:site_name\" content=\"ART MOVES EUROPE e.V.\" \/>\n<meta property=\"article:published_time\" content=\"2026-09-03T15:22:09+00:00\" \/>\n<meta property=\"article:modified_time\" content=\"2026-09-03T15:22:38+00:00\" \/>\n<meta property=\"og:image\" content=\"https:\/\/www.art-moves-europe.eu\/wp-content\/uploads\/2026\/09\/8F000775-9AF2-4E33-A700-2637F01D9E36_1_102_o.jpeg\" \/>\n\t<meta property=\"og:image:width\" content=\"2048\" \/>\n\t<meta property=\"og:image:height\" content=\"1536\" \/>\n\t<meta property=\"og:image:type\" content=\"image\/jpeg\" \/>\n<meta name=\"author\" content=\"Alfred Mevissen\" \/>\n<meta name=\"twitter:card\" content=\"summary_large_image\" \/>\n<meta name=\"twitter:label1\" content=\"Verfasst von\" \/>\n\t<meta name=\"twitter:data1\" content=\"Alfred Mevissen\" \/>\n\t<meta name=\"twitter:label2\" content=\"Gesch\u00e4tzte Lesezeit\" \/>\n\t<meta name=\"twitter:data2\" content=\"1\u00a0Minute\" \/>\n<script type=\"application\/ld+json\" class=\"yoast-schema-graph\">{\"@context\":\"https:\\\/\\\/schema.org\",\"@graph\":[{\"@type\":\"Article\",\"@id\":\"https:\\\/\\\/www.art-moves-europe.eu\\\/de\\\/re-union\\\/#article\",\"isPartOf\":{\"@id\":\"https:\\\/\\\/www.art-moves-europe.eu\\\/de\\\/re-union\\\/\"},\"author\":{\"name\":\"Alfred Mevissen\",\"@id\":\"https:\\\/\\\/www.art-moves-europe.eu\\\/#\\\/schema\\\/person\\\/f2fa70466633adb1e4859b1d9ff4c042\"},\"headline\":\"Re Union\",\"datePublished\":\"2026-09-03T15:22:09+00:00\",\"dateModified\":\"2026-09-03T15:22:38+00:00\",\"mainEntityOfPage\":{\"@id\":\"https:\\\/\\\/www.art-moves-europe.eu\\\/de\\\/re-union\\\/\"},\"wordCount\":244,\"image\":{\"@id\":\"https:\\\/\\\/www.art-moves-europe.eu\\\/de\\\/re-union\\\/#primaryimage\"},\"thumbnailUrl\":\"https:\\\/\\\/www.art-moves-europe.eu\\\/wp-content\\\/uploads\\\/2026\\\/09\\\/8F000775-9AF2-4E33-A700-2637F01D9E36_1_102_o.jpeg\",\"inLanguage\":\"de-DE\"},{\"@type\":\"WebPage\",\"@id\":\"https:\\\/\\\/www.art-moves-europe.eu\\\/de\\\/re-union\\\/\",\"url\":\"https:\\\/\\\/www.art-moves-europe.eu\\\/de\\\/re-union\\\/\",\"name\":\"Re Union\",\"isPartOf\":{\"@id\":\"https:\\\/\\\/www.art-moves-europe.eu\\\/#website\"},\"primaryImageOfPage\":{\"@id\":\"https:\\\/\\\/www.art-moves-europe.eu\\\/de\\\/re-union\\\/#primaryimage\"},\"image\":{\"@id\":\"https:\\\/\\\/www.art-moves-europe.eu\\\/de\\\/re-union\\\/#primaryimage\"},\"thumbnailUrl\":\"https:\\\/\\\/www.art-moves-europe.eu\\\/wp-content\\\/uploads\\\/2026\\\/09\\\/8F000775-9AF2-4E33-A700-2637F01D9E36_1_102_o.jpeg\",\"datePublished\":\"2026-09-03T15:22:09+00:00\",\"dateModified\":\"2026-09-03T15:22:38+00:00\",\"author\":{\"@id\":\"https:\\\/\\\/www.art-moves-europe.eu\\\/#\\\/schema\\\/person\\\/f2fa70466633adb1e4859b1d9ff4c042\"},\"breadcrumb\":{\"@id\":\"https:\\\/\\\/www.art-moves-europe.eu\\\/de\\\/re-union\\\/#breadcrumb\"},\"inLanguage\":\"de-DE\",\"potentialAction\":[{\"@type\":\"ReadAction\",\"target\":[\"https:\\\/\\\/www.art-moves-europe.eu\\\/de\\\/re-union\\\/\"]}]},{\"@type\":\"ImageObject\",\"inLanguage\":\"de-DE\",\"@id\":\"https:\\\/\\\/www.art-moves-europe.eu\\\/de\\\/re-union\\\/#primaryimage\",\"url\":\"https:\\\/\\\/www.art-moves-europe.eu\\\/wp-content\\\/uploads\\\/2026\\\/09\\\/8F000775-9AF2-4E33-A700-2637F01D9E36_1_102_o.jpeg\",\"contentUrl\":\"https:\\\/\\\/www.art-moves-europe.eu\\\/wp-content\\\/uploads\\\/2026\\\/09\\\/8F000775-9AF2-4E33-A700-2637F01D9E36_1_102_o.jpeg\",\"width\":2048,\"height\":1536},{\"@type\":\"BreadcrumbList\",\"@id\":\"https:\\\/\\\/www.art-moves-europe.eu\\\/de\\\/re-union\\\/#breadcrumb\",\"itemListElement\":[{\"@type\":\"ListItem\",\"position\":1,\"name\":\"Startseite\",\"item\":\"https:\\\/\\\/www.art-moves-europe.eu\\\/\"},{\"@type\":\"ListItem\",\"position\":2,\"name\":\"Re Union\"}]},{\"@type\":\"WebSite\",\"@id\":\"https:\\\/\\\/www.art-moves-europe.eu\\\/#website\",\"url\":\"https:\\\/\\\/www.art-moves-europe.eu\\\/\",\"name\":\"ART MOVES EUROPE e.V.\",\"description\":\"\",\"potentialAction\":[{\"@type\":\"SearchAction\",\"target\":{\"@type\":\"EntryPoint\",\"urlTemplate\":\"https:\\\/\\\/www.art-moves-europe.eu\\\/?s={search_term_string}\"},\"query-input\":{\"@type\":\"PropertyValueSpecification\",\"valueRequired\":true,\"valueName\":\"search_term_string\"}}],\"inLanguage\":\"de-DE\"},{\"@type\":\"Person\",\"@id\":\"https:\\\/\\\/www.art-moves-europe.eu\\\/#\\\/schema\\\/person\\\/f2fa70466633adb1e4859b1d9ff4c042\",\"name\":\"Alfred Mevissen\",\"image\":{\"@type\":\"ImageObject\",\"inLanguage\":\"de-DE\",\"@id\":\"https:\\\/\\\/secure.gravatar.com\\\/avatar\\\/2b521adf984b8277ca7da267a022bc9993e49cec5b2d5bf2040e9f72c5731535?s=96&d=mm&r=g\",\"url\":\"https:\\\/\\\/secure.gravatar.com\\\/avatar\\\/2b521adf984b8277ca7da267a022bc9993e49cec5b2d5bf2040e9f72c5731535?s=96&d=mm&r=g\",\"contentUrl\":\"https:\\\/\\\/secure.gravatar.com\\\/avatar\\\/2b521adf984b8277ca7da267a022bc9993e49cec5b2d5bf2040e9f72c5731535?s=96&d=mm&r=g\",\"caption\":\"Alfred Mevissen\"},\"url\":\"https:\\\/\\\/www.art-moves-europe.eu\\\/de\\\/author\\\/alfred\\\/\"}]}<\/script>\n<!-- \/ Yoast SEO plugin. -->","yoast_head_json":{"title":"Re Union","robots":{"index":"index","follow":"follow","max-snippet":"max-snippet:-1","max-image-preview":"max-image-preview:large","max-video-preview":"max-video-preview:-1"},"canonical":"https:\/\/www.art-moves-europe.eu\/de\/re-union\/","og_locale":"de_DE","og_type":"article","og_title":"[:en]Re Union[:de]Re Union[:] - ART MOVES EUROPE e.V.","og_description":"Skulpturensymposium \u00c5sg\u00e5rd, Norwegen Der Stein, den wir f\u00fcr unser Projekt ausgew\u00e4hlt hatten, wies verborgene Risse auf. Als wir versuchten, ihn[...]","og_url":"https:\/\/www.art-moves-europe.eu\/de\/re-union\/","og_site_name":"ART MOVES EUROPE e.V.","article_published_time":"2026-09-03T15:22:09+00:00","article_modified_time":"2026-09-03T15:22:38+00:00","og_image":[{"width":2048,"height":1536,"url":"https:\/\/www.art-moves-europe.eu\/wp-content\/uploads\/2026\/09\/8F000775-9AF2-4E33-A700-2637F01D9E36_1_102_o.jpeg","type":"image\/jpeg"}],"author":"Alfred Mevissen","twitter_card":"summary_large_image","twitter_misc":{"Verfasst von":"Alfred Mevissen","Gesch\u00e4tzte Lesezeit":"1\u00a0Minute"},"schema":{"@context":"https:\/\/schema.org","@graph":[{"@type":"Article","@id":"https:\/\/www.art-moves-europe.eu\/de\/re-union\/#article","isPartOf":{"@id":"https:\/\/www.art-moves-europe.eu\/de\/re-union\/"},"author":{"name":"Alfred Mevissen","@id":"https:\/\/www.art-moves-europe.eu\/#\/schema\/person\/f2fa70466633adb1e4859b1d9ff4c042"},"headline":"Re Union","datePublished":"2026-09-03T15:22:09+00:00","dateModified":"2026-09-03T15:22:38+00:00","mainEntityOfPage":{"@id":"https:\/\/www.art-moves-europe.eu\/de\/re-union\/"},"wordCount":244,"image":{"@id":"https:\/\/www.art-moves-europe.eu\/de\/re-union\/#primaryimage"},"thumbnailUrl":"https:\/\/www.art-moves-europe.eu\/wp-content\/uploads\/2026\/09\/8F000775-9AF2-4E33-A700-2637F01D9E36_1_102_o.jpeg","inLanguage":"de-DE"},{"@type":"WebPage","@id":"https:\/\/www.art-moves-europe.eu\/de\/re-union\/","url":"https:\/\/www.art-moves-europe.eu\/de\/re-union\/","name":"Re Union","isPartOf":{"@id":"https:\/\/www.art-moves-europe.eu\/#website"},"primaryImageOfPage":{"@id":"https:\/\/www.art-moves-europe.eu\/de\/re-union\/#primaryimage"},"image":{"@id":"https:\/\/www.art-moves-europe.eu\/de\/re-union\/#primaryimage"},"thumbnailUrl":"https:\/\/www.art-moves-europe.eu\/wp-content\/uploads\/2026\/09\/8F000775-9AF2-4E33-A700-2637F01D9E36_1_102_o.jpeg","datePublished":"2026-09-03T15:22:09+00:00","dateModified":"2026-09-03T15:22:38+00:00","author":{"@id":"https:\/\/www.art-moves-europe.eu\/#\/schema\/person\/f2fa70466633adb1e4859b1d9ff4c042"},"breadcrumb":{"@id":"https:\/\/www.art-moves-europe.eu\/de\/re-union\/#breadcrumb"},"inLanguage":"de-DE","potentialAction":[{"@type":"ReadAction","target":["https:\/\/www.art-moves-europe.eu\/de\/re-union\/"]}]},{"@type":"ImageObject","inLanguage":"de-DE","@id":"https:\/\/www.art-moves-europe.eu\/de\/re-union\/#primaryimage","url":"https:\/\/www.art-moves-europe.eu\/wp-content\/uploads\/2026\/09\/8F000775-9AF2-4E33-A700-2637F01D9E36_1_102_o.jpeg","contentUrl":"https:\/\/www.art-moves-europe.eu\/wp-content\/uploads\/2026\/09\/8F000775-9AF2-4E33-A700-2637F01D9E36_1_102_o.jpeg","width":2048,"height":1536},{"@type":"BreadcrumbList","@id":"https:\/\/www.art-moves-europe.eu\/de\/re-union\/#breadcrumb","itemListElement":[{"@type":"ListItem","position":1,"name":"Startseite","item":"https:\/\/www.art-moves-europe.eu\/"},{"@type":"ListItem","position":2,"name":"Re Union"}]},{"@type":"WebSite","@id":"https:\/\/www.art-moves-europe.eu\/#website","url":"https:\/\/www.art-moves-europe.eu\/","name":"ART MOVES EUROPE e.V.","description":"","potentialAction":[{"@type":"SearchAction","target":{"@type":"EntryPoint","urlTemplate":"https:\/\/www.art-moves-europe.eu\/?s={search_term_string}"},"query-input":{"@type":"PropertyValueSpecification","valueRequired":true,"valueName":"search_term_string"}}],"inLanguage":"de-DE"},{"@type":"Person","@id":"https:\/\/www.art-moves-europe.eu\/#\/schema\/person\/f2fa70466633adb1e4859b1d9ff4c042","name":"Alfred Mevissen","image":{"@type":"ImageObject","inLanguage":"de-DE","@id":"https:\/\/secure.gravatar.com\/avatar\/2b521adf984b8277ca7da267a022bc9993e49cec5b2d5bf2040e9f72c5731535?s=96&d=mm&r=g","url":"https:\/\/secure.gravatar.com\/avatar\/2b521adf984b8277ca7da267a022bc9993e49cec5b2d5bf2040e9f72c5731535?s=96&d=mm&r=g","contentUrl":"https:\/\/secure.gravatar.com\/avatar\/2b521adf984b8277ca7da267a022bc9993e49cec5b2d5bf2040e9f72c5731535?s=96&d=mm&r=g","caption":"Alfred Mevissen"},"url":"https:\/\/www.art-moves-europe.eu\/de\/author\/alfred\/"}]}},"_links":{"self":[{"href":"https:\/\/www.art-moves-europe.eu\/de\/wp-json\/wp\/v2\/posts\/3477","targetHints":{"allow":["GET"]}}],"collection":[{"href":"https:\/\/www.art-moves-europe.eu\/de\/wp-json\/wp\/v2\/posts"}],"about":[{"href":"https:\/\/www.art-moves-europe.eu\/de\/wp-json\/wp\/v2\/types\/post"}],"author":[{"embeddable":true,"href":"https:\/\/www.art-moves-europe.eu\/de\/wp-json\/wp\/v2\/users\/2"}],"replies":[{"embeddable":true,"href":"https:\/\/www.art-moves-europe.eu\/de\/wp-json\/wp\/v2\/comments?post=3477"}],"version-history":[{"count":3,"href":"https:\/\/www.art-moves-europe.eu\/de\/wp-json\/wp\/v2\/posts\/3477\/revisions"}],"predecessor-version":[{"id":3481,"href":"https:\/\/www.art-moves-europe.eu\/de\/wp-json\/wp\/v2\/posts\/3477\/revisions\/3481"}],"wp:featuredmedia":[{"embeddable":true,"href":"https:\/\/www.art-moves-europe.eu\/de\/wp-json\/wp\/v2\/media\/3478"}],"wp:attachment":[{"href":"https:\/\/www.art-moves-europe.eu\/de\/wp-json\/wp\/v2\/media?parent=3477"}],"wp:term":[{"taxonomy":"category","embeddable":true,"href":"https:\/\/www.art-moves-europe.eu\/de\/wp-json\/wp\/v2\/categories?post=3477"},{"taxonomy":"post_tag","embeddable":true,"href":"https:\/\/www.art-moves-europe.eu\/de\/wp-json\/wp\/v2\/tags?post=3477"}],"curies":[{"name":"wp","href":"https:\/\/api.w.org\/{rel}","templated":true}]}}