{"id":937,"date":"2019-05-29T21:18:27","date_gmt":"2019-05-29T19:18:27","guid":{"rendered":"https:\/\/www.art-moves-europe.eu\/de\/?p=937"},"modified":"2019-05-29T21:26:39","modified_gmt":"2019-05-29T19:26:39","slug":"today-in-aachen","status":"publish","type":"post","link":"https:\/\/www.art-moves-europe.eu\/de\/today-in-aachen\/","title":{"rendered":"Heute Abend in Aachen"},"content":{"rendered":"<p>Heute Abend in aachen auf dem Katschhof. Antonio Guterres pr\u00e4sentierte sich dem Publikum sehr nahbar. Er \u00e4u\u00dferte seine Freude \u00fcber die hohe Wahlbeteiligung, zeigte sich beeidruckt von den Jugendkarlspreistr\u00e4gern und begr\u00fcndete seine Optimismus f\u00fcr die Zukunft mit dem vermehrten Engagement der Jugend. Er hob vor allem auch die Bedeutung der Klimadebatte hervor.<\/p>\n","protected":false},"excerpt":{"rendered":"<p>Heute Abend in aachen auf dem Katschhof. Antonio Guterres pr\u00e4sentierte sich dem Publikum sehr nahbar. Er \u00e4u\u00dferte seine Freude \u00fcber[&#8230;]<\/p>\n","protected":false},"author":2,"featured_media":938,"comment_status":"closed","ping_status":"closed","sticky":false,"template":"","format":"standard","meta":{"ngg_post_thumbnail":0,"footnotes":""},"categories":[1],"tags":[],"class_list":["post-937","post","type-post","status-publish","format-standard","has-post-thumbnail","hentry","category-allgemein"],"yoast_head":"<!-- This site is optimized with the Yoast SEO plugin v27.5 - https:\/\/yoast.com\/product\/yoast-seo-wordpress\/ -->\n<title>Heute Abend in Aachen<\/title>\n<meta name=\"robots\" content=\"index, follow, max-snippet:-1, max-image-preview:large, max-video-preview:-1\" \/>\n<link rel=\"canonical\" href=\"https:\/\/www.art-moves-europe.eu\/de\/today-in-aachen\/\" \/>\n<meta property=\"og:locale\" content=\"de_DE\" \/>\n<meta property=\"og:locale:alternate\" content=\"en_US\" \/>\n<meta property=\"og:type\" content=\"article\" \/>\n<meta property=\"og:title\" content=\"Heute Abend in Aachen\" \/>\n<meta property=\"og:description\" content=\"Heute Abend in aachen auf dem Katschhof. Antonio Guterres pr\u00e4sentierte sich dem Publikum sehr nahbar. Er \u00e4u\u00dferte seine Freude \u00fcber[...]\" \/>\n<meta property=\"og:url\" content=\"https:\/\/www.art-moves-europe.eu\/de\/today-in-aachen\/\" \/>\n<meta property=\"og:site_name\" content=\"ART MOVES EUROPE e.V.\" \/>\n<meta property=\"article:published_time\" content=\"2019-05-29T19:18:27+00:00\" \/>\n<meta property=\"article:modified_time\" content=\"2019-05-29T19:26:39+00:00\" \/>\n<meta property=\"og:image\" content=\"https:\/\/www.art-moves-europe.eu\/wp-content\/uploads\/2019\/05\/Karlspreis1.jpg\" \/>\n\t<meta property=\"og:image:width\" content=\"480\" \/>\n\t<meta property=\"og:image:height\" content=\"640\" \/>\n\t<meta property=\"og:image:type\" content=\"image\/jpeg\" \/>\n<meta name=\"author\" content=\"Alfred Mevissen\" \/>\n<meta name=\"twitter:card\" content=\"summary_large_image\" \/>\n<meta name=\"twitter:label1\" content=\"Verfasst von\" \/>\n\t<meta name=\"twitter:data1\" content=\"Alfred Mevissen\" \/>\n<script type=\"application\/ld+json\" class=\"yoast-schema-graph\">{\"@context\":\"https:\\\/\\\/schema.org\",\"@graph\":[{\"@type\":\"Article\",\"@id\":\"https:\\\/\\\/www.art-moves-europe.eu\\\/today-in-aachen\\\/#article\",\"isPartOf\":{\"@id\":\"https:\\\/\\\/www.art-moves-europe.eu\\\/today-in-aachen\\\/\"},\"author\":{\"name\":\"Alfred Mevissen\",\"@id\":\"https:\\\/\\\/www.art-moves-europe.eu\\\/#\\\/schema\\\/person\\\/f2fa70466633adb1e4859b1d9ff4c042\"},\"headline\":\"Heute Abend in Aachen\",\"datePublished\":\"2019-05-29T19:18:27+00:00\",\"dateModified\":\"2019-05-29T19:26:39+00:00\",\"mainEntityOfPage\":{\"@id\":\"https:\\\/\\\/www.art-moves-europe.eu\\\/today-in-aachen\\\/\"},\"wordCount\":108,\"image\":{\"@id\":\"https:\\\/\\\/www.art-moves-europe.eu\\\/today-in-aachen\\\/#primaryimage\"},\"thumbnailUrl\":\"https:\\\/\\\/www.art-moves-europe.eu\\\/wp-content\\\/uploads\\\/2019\\\/05\\\/Karlspreis1.jpg\",\"inLanguage\":\"de-DE\"},{\"@type\":\"WebPage\",\"@id\":\"https:\\\/\\\/www.art-moves-europe.eu\\\/today-in-aachen\\\/\",\"url\":\"https:\\\/\\\/www.art-moves-europe.eu\\\/today-in-aachen\\\/\",\"name\":\"Heute Abend in Aachen\",\"isPartOf\":{\"@id\":\"https:\\\/\\\/www.art-moves-europe.eu\\\/#website\"},\"primaryImageOfPage\":{\"@id\":\"https:\\\/\\\/www.art-moves-europe.eu\\\/today-in-aachen\\\/#primaryimage\"},\"image\":{\"@id\":\"https:\\\/\\\/www.art-moves-europe.eu\\\/today-in-aachen\\\/#primaryimage\"},\"thumbnailUrl\":\"https:\\\/\\\/www.art-moves-europe.eu\\\/wp-content\\\/uploads\\\/2019\\\/05\\\/Karlspreis1.jpg\",\"datePublished\":\"2019-05-29T19:18:27+00:00\",\"dateModified\":\"2019-05-29T19:26:39+00:00\",\"author\":{\"@id\":\"https:\\\/\\\/www.art-moves-europe.eu\\\/#\\\/schema\\\/person\\\/f2fa70466633adb1e4859b1d9ff4c042\"},\"breadcrumb\":{\"@id\":\"https:\\\/\\\/www.art-moves-europe.eu\\\/today-in-aachen\\\/#breadcrumb\"},\"inLanguage\":\"de-DE\",\"potentialAction\":[{\"@type\":\"ReadAction\",\"target\":[\"https:\\\/\\\/www.art-moves-europe.eu\\\/today-in-aachen\\\/\"]}]},{\"@type\":\"ImageObject\",\"inLanguage\":\"de-DE\",\"@id\":\"https:\\\/\\\/www.art-moves-europe.eu\\\/today-in-aachen\\\/#primaryimage\",\"url\":\"https:\\\/\\\/www.art-moves-europe.eu\\\/wp-content\\\/uploads\\\/2019\\\/05\\\/Karlspreis1.jpg\",\"contentUrl\":\"https:\\\/\\\/www.art-moves-europe.eu\\\/wp-content\\\/uploads\\\/2019\\\/05\\\/Karlspreis1.jpg\",\"width\":480,\"height\":640},{\"@type\":\"BreadcrumbList\",\"@id\":\"https:\\\/\\\/www.art-moves-europe.eu\\\/today-in-aachen\\\/#breadcrumb\",\"itemListElement\":[{\"@type\":\"ListItem\",\"position\":1,\"name\":\"Startseite\",\"item\":\"https:\\\/\\\/www.art-moves-europe.eu\\\/\"},{\"@type\":\"ListItem\",\"position\":2,\"name\":\"Today in Aachen\"}]},{\"@type\":\"WebSite\",\"@id\":\"https:\\\/\\\/www.art-moves-europe.eu\\\/#website\",\"url\":\"https:\\\/\\\/www.art-moves-europe.eu\\\/\",\"name\":\"ART MOVES EUROPE e.V.\",\"description\":\"\",\"potentialAction\":[{\"@type\":\"SearchAction\",\"target\":{\"@type\":\"EntryPoint\",\"urlTemplate\":\"https:\\\/\\\/www.art-moves-europe.eu\\\/?s={search_term_string}\"},\"query-input\":{\"@type\":\"PropertyValueSpecification\",\"valueRequired\":true,\"valueName\":\"search_term_string\"}}],\"inLanguage\":\"de-DE\"},{\"@type\":\"Person\",\"@id\":\"https:\\\/\\\/www.art-moves-europe.eu\\\/#\\\/schema\\\/person\\\/f2fa70466633adb1e4859b1d9ff4c042\",\"name\":\"Alfred Mevissen\",\"image\":{\"@type\":\"ImageObject\",\"inLanguage\":\"de-DE\",\"@id\":\"https:\\\/\\\/secure.gravatar.com\\\/avatar\\\/2b521adf984b8277ca7da267a022bc9993e49cec5b2d5bf2040e9f72c5731535?s=96&d=mm&r=g\",\"url\":\"https:\\\/\\\/secure.gravatar.com\\\/avatar\\\/2b521adf984b8277ca7da267a022bc9993e49cec5b2d5bf2040e9f72c5731535?s=96&d=mm&r=g\",\"contentUrl\":\"https:\\\/\\\/secure.gravatar.com\\\/avatar\\\/2b521adf984b8277ca7da267a022bc9993e49cec5b2d5bf2040e9f72c5731535?s=96&d=mm&r=g\",\"caption\":\"Alfred Mevissen\"},\"url\":\"https:\\\/\\\/www.art-moves-europe.eu\\\/de\\\/author\\\/alfred\\\/\"}]}<\/script>\n<!-- \/ Yoast SEO plugin. -->","yoast_head_json":{"title":"Heute Abend in Aachen","robots":{"index":"index","follow":"follow","max-snippet":"max-snippet:-1","max-image-preview":"max-image-preview:large","max-video-preview":"max-video-preview:-1"},"canonical":"https:\/\/www.art-moves-europe.eu\/de\/today-in-aachen\/","og_locale":"de_DE","og_type":"article","og_title":"[:en]Today in Aachen[:de]Heute Abend in Aachen[:] - ART MOVES EUROPE e.V.","og_description":"Heute Abend in aachen auf dem Katschhof. Antonio Guterres pr\u00e4sentierte sich dem Publikum sehr nahbar. Er \u00e4u\u00dferte seine Freude \u00fcber[...]","og_url":"https:\/\/www.art-moves-europe.eu\/de\/today-in-aachen\/","og_site_name":"ART MOVES EUROPE e.V.","article_published_time":"2019-05-29T19:18:27+00:00","article_modified_time":"2019-05-29T19:26:39+00:00","og_image":[{"width":480,"height":640,"url":"https:\/\/www.art-moves-europe.eu\/wp-content\/uploads\/2019\/05\/Karlspreis1.jpg","type":"image\/jpeg"}],"author":"Alfred Mevissen","twitter_card":"summary_large_image","twitter_misc":{"Verfasst von":"Alfred Mevissen"},"schema":{"@context":"https:\/\/schema.org","@graph":[{"@type":"Article","@id":"https:\/\/www.art-moves-europe.eu\/today-in-aachen\/#article","isPartOf":{"@id":"https:\/\/www.art-moves-europe.eu\/today-in-aachen\/"},"author":{"name":"Alfred Mevissen","@id":"https:\/\/www.art-moves-europe.eu\/#\/schema\/person\/f2fa70466633adb1e4859b1d9ff4c042"},"headline":"Heute Abend in Aachen","datePublished":"2019-05-29T19:18:27+00:00","dateModified":"2019-05-29T19:26:39+00:00","mainEntityOfPage":{"@id":"https:\/\/www.art-moves-europe.eu\/today-in-aachen\/"},"wordCount":108,"image":{"@id":"https:\/\/www.art-moves-europe.eu\/today-in-aachen\/#primaryimage"},"thumbnailUrl":"https:\/\/www.art-moves-europe.eu\/wp-content\/uploads\/2019\/05\/Karlspreis1.jpg","inLanguage":"de-DE"},{"@type":"WebPage","@id":"https:\/\/www.art-moves-europe.eu\/today-in-aachen\/","url":"https:\/\/www.art-moves-europe.eu\/today-in-aachen\/","name":"Heute Abend in Aachen","isPartOf":{"@id":"https:\/\/www.art-moves-europe.eu\/#website"},"primaryImageOfPage":{"@id":"https:\/\/www.art-moves-europe.eu\/today-in-aachen\/#primaryimage"},"image":{"@id":"https:\/\/www.art-moves-europe.eu\/today-in-aachen\/#primaryimage"},"thumbnailUrl":"https:\/\/www.art-moves-europe.eu\/wp-content\/uploads\/2019\/05\/Karlspreis1.jpg","datePublished":"2019-05-29T19:18:27+00:00","dateModified":"2019-05-29T19:26:39+00:00","author":{"@id":"https:\/\/www.art-moves-europe.eu\/#\/schema\/person\/f2fa70466633adb1e4859b1d9ff4c042"},"breadcrumb":{"@id":"https:\/\/www.art-moves-europe.eu\/today-in-aachen\/#breadcrumb"},"inLanguage":"de-DE","potentialAction":[{"@type":"ReadAction","target":["https:\/\/www.art-moves-europe.eu\/today-in-aachen\/"]}]},{"@type":"ImageObject","inLanguage":"de-DE","@id":"https:\/\/www.art-moves-europe.eu\/today-in-aachen\/#primaryimage","url":"https:\/\/www.art-moves-europe.eu\/wp-content\/uploads\/2019\/05\/Karlspreis1.jpg","contentUrl":"https:\/\/www.art-moves-europe.eu\/wp-content\/uploads\/2019\/05\/Karlspreis1.jpg","width":480,"height":640},{"@type":"BreadcrumbList","@id":"https:\/\/www.art-moves-europe.eu\/today-in-aachen\/#breadcrumb","itemListElement":[{"@type":"ListItem","position":1,"name":"Startseite","item":"https:\/\/www.art-moves-europe.eu\/"},{"@type":"ListItem","position":2,"name":"Today in Aachen"}]},{"@type":"WebSite","@id":"https:\/\/www.art-moves-europe.eu\/#website","url":"https:\/\/www.art-moves-europe.eu\/","name":"ART MOVES EUROPE e.V.","description":"","potentialAction":[{"@type":"SearchAction","target":{"@type":"EntryPoint","urlTemplate":"https:\/\/www.art-moves-europe.eu\/?s={search_term_string}"},"query-input":{"@type":"PropertyValueSpecification","valueRequired":true,"valueName":"search_term_string"}}],"inLanguage":"de-DE"},{"@type":"Person","@id":"https:\/\/www.art-moves-europe.eu\/#\/schema\/person\/f2fa70466633adb1e4859b1d9ff4c042","name":"Alfred Mevissen","image":{"@type":"ImageObject","inLanguage":"de-DE","@id":"https:\/\/secure.gravatar.com\/avatar\/2b521adf984b8277ca7da267a022bc9993e49cec5b2d5bf2040e9f72c5731535?s=96&d=mm&r=g","url":"https:\/\/secure.gravatar.com\/avatar\/2b521adf984b8277ca7da267a022bc9993e49cec5b2d5bf2040e9f72c5731535?s=96&d=mm&r=g","contentUrl":"https:\/\/secure.gravatar.com\/avatar\/2b521adf984b8277ca7da267a022bc9993e49cec5b2d5bf2040e9f72c5731535?s=96&d=mm&r=g","caption":"Alfred Mevissen"},"url":"https:\/\/www.art-moves-europe.eu\/de\/author\/alfred\/"}]}},"_links":{"self":[{"href":"https:\/\/www.art-moves-europe.eu\/de\/wp-json\/wp\/v2\/posts\/937","targetHints":{"allow":["GET"]}}],"collection":[{"href":"https:\/\/www.art-moves-europe.eu\/de\/wp-json\/wp\/v2\/posts"}],"about":[{"href":"https:\/\/www.art-moves-europe.eu\/de\/wp-json\/wp\/v2\/types\/post"}],"author":[{"embeddable":true,"href":"https:\/\/www.art-moves-europe.eu\/de\/wp-json\/wp\/v2\/users\/2"}],"replies":[{"embeddable":true,"href":"https:\/\/www.art-moves-europe.eu\/de\/wp-json\/wp\/v2\/comments?post=937"}],"version-history":[{"count":4,"href":"https:\/\/www.art-moves-europe.eu\/de\/wp-json\/wp\/v2\/posts\/937\/revisions"}],"predecessor-version":[{"id":942,"href":"https:\/\/www.art-moves-europe.eu\/de\/wp-json\/wp\/v2\/posts\/937\/revisions\/942"}],"wp:featuredmedia":[{"embeddable":true,"href":"https:\/\/www.art-moves-europe.eu\/de\/wp-json\/wp\/v2\/media\/938"}],"wp:attachment":[{"href":"https:\/\/www.art-moves-europe.eu\/de\/wp-json\/wp\/v2\/media?parent=937"}],"wp:term":[{"taxonomy":"category","embeddable":true,"href":"https:\/\/www.art-moves-europe.eu\/de\/wp-json\/wp\/v2\/categories?post=937"},{"taxonomy":"post_tag","embeddable":true,"href":"https:\/\/www.art-moves-europe.eu\/de\/wp-json\/wp\/v2\/tags?post=937"}],"curies":[{"name":"wp","href":"https:\/\/api.w.org\/{rel}","templated":true}]}}